{"id":1293,"date":"2019-01-02T18:00:18","date_gmt":"2019-01-02T18:00:18","guid":{"rendered":"http:\/\/www.babelica.it\/matota\/?p=1293"},"modified":"2019-04-24T09:41:43","modified_gmt":"2019-04-24T09:41:43","slug":"festa-di-inaugurazione-matota-2019","status":"publish","type":"post","link":"https:\/\/www.babelica.it\/matota\/2019\/01\/02\/festa-di-inaugurazione-matota-2019\/","title":{"rendered":"18:00 \/ Festa di Inaugurazione Matota 2019"},"content":{"rendered":"","protected":false},"excerpt":{"rendered":"<p><b>02\/05\/2019 \/\/ 18:00 \/\/ Magazzino sul Po &#8211; Murazzi <\/b><br \/>\nSerata di inaugurazione per il Matota, il primo festival di letteratura per bambini e ragazzi, nato per raccontare ai pi\u00f9 giovani i grandi temi sociali. La sua seconda edizione 2019, dal titolo &#8220;Non c&#8217;\u00e8 storia, storie che raccontano la Storia&#8221;, sar\u00e0 dedicata alla storia contemporanea.<br \/>\nMichele dal Lago e Giusi Pesenti ci accompagnano alla scoperta delle canzoni che hanno raccontato il \u2018900: dai canti contadini al rock, passando per il blues. Perch\u00e9 la musica del secolo scorso non \u00e8 solo roba da grandi \ud83d\ude42<br \/>\nUn appuntamento per \u201cascoltare\u201d la Storia con mamma e pap\u00e0.<\/p>\n","protected":false},"author":1,"featured_media":2413,"comment_status":"closed","ping_status":"closed","sticky":false,"template":"","format":"standard","meta":{"_acf_changed":false,"footnotes":""},"categories":[7],"tags":[8,20],"class_list":["post-1293","post","type-post","status-publish","format-standard","has-post-thumbnail","hentry","category-2019-eventi","tag-giorno1","tag-matotoff"],"acf":[],"_links":{"self":[{"href":"https:\/\/www.babelica.it\/matota\/wp-json\/wp\/v2\/posts\/1293","targetHints":{"allow":["GET"]}}],"collection":[{"href":"https:\/\/www.babelica.it\/matota\/wp-json\/wp\/v2\/posts"}],"about":[{"href":"https:\/\/www.babelica.it\/matota\/wp-json\/wp\/v2\/types\/post"}],"author":[{"embeddable":true,"href":"https:\/\/www.babelica.it\/matota\/wp-json\/wp\/v2\/users\/1"}],"replies":[{"embeddable":true,"href":"https:\/\/www.babelica.it\/matota\/wp-json\/wp\/v2\/comments?post=1293"}],"version-history":[{"count":0,"href":"https:\/\/www.babelica.it\/matota\/wp-json\/wp\/v2\/posts\/1293\/revisions"}],"wp:featuredmedia":[{"embeddable":true,"href":"https:\/\/www.babelica.it\/matota\/wp-json\/wp\/v2\/media\/2413"}],"wp:attachment":[{"href":"https:\/\/www.babelica.it\/matota\/wp-json\/wp\/v2\/media?parent=1293"}],"wp:term":[{"taxonomy":"category","embeddable":true,"href":"https:\/\/www.babelica.it\/matota\/wp-json\/wp\/v2\/categories?post=1293"},{"taxonomy":"post_tag","embeddable":true,"href":"https:\/\/www.babelica.it\/matota\/wp-json\/wp\/v2\/tags?post=1293"}],"curies":[{"name":"wp","href":"https:\/\/api.w.org\/{rel}","templated":true}]}}